{"id":7304,"date":"2024-04-01T07:00:09","date_gmt":"2024-04-01T07:00:09","guid":{"rendered":"https:\/\/blog.montech.com\/?p=7304"},"modified":"2024-06-03T06:37:03","modified_gmt":"2024-06-03T06:37:03","slug":"die-bedeutung-der-standardisierung-in-der-foerdertechnik","status":"publish","type":"post","link":"https:\/\/www.blog.montech.com\/de\/die-bedeutung-der-standardisierung-in-der-foerdertechnik\/","title":{"rendered":"Die Bedeutung der Standardisierung in der F\u00f6rdertechnik"},"content":{"rendered":"<p><div class=\"fusion-fullwidth fullwidth-box fusion-builder-row-1 fusion-flex-container nonhundred-percent-fullwidth non-hundred-percent-height-scrolling\" style=\"background-color: rgba(255,255,255,0);background-position: center center;background-repeat: no-repeat;border-width: 0px 0px 0px 0px;border-color:#eae9e9;border-style:solid;\" ><div class=\"fusion-builder-row fusion-row fusion-flex-align-items-flex-start\" style=\"max-width:1216.8px;margin-left: calc(-4% \/ 2 );margin-right: calc(-4% \/ 2 );\"><div class=\"fusion-layout-column fusion_builder_column fusion-builder-column-0 fusion_builder_column_1_1 1_1 fusion-flex-column\"><div class=\"fusion-column-wrapper fusion-flex-justify-content-flex-start fusion-content-layout-column\" style=\"background-position:left top;background-repeat:no-repeat;-webkit-background-size:cover;-moz-background-size:cover;-o-background-size:cover;background-size:cover;padding: 0px 0px 0px 0px;\"><div class=\"fusion-text fusion-text-1\"><p><strong><em>Die Standardisierung von F\u00f6rdertechniksystemen hat weitreichende Auswirkungen auf die Effizienz von Produktionsabl\u00e4ufen. Sie tr\u00e4gt dazu bei, die Kosten zu senken, die Lieferzeiten zu verk\u00fcrzen, die Flexibilit\u00e4t in der Produktion zu steigern und die Qualit\u00e4t zu optimieren.<\/em><\/strong><\/p>\n<p>In der dynamischen Welt der F\u00f6rdertechnik spielt die Standardisierung eine entscheidende Rolle, um den vielf\u00e4ltigen Herausforderungen der Branche erfolgreich zu begegnen und gleichzeitig eine Optimierung der Prozesse zu erreichen. Die Standardisierung fungiert dabei als ein strategischer Ansatz, der nicht nur kurzfristige, sondern auch langfristige Auswirkungen auf die Effizienz von Produktionsabl\u00e4ufen hat. Dabei bringt die Standardisierung in der <a href=\"https:\/\/montech.com\/ch\/de\/foerderbaender\/\">F\u00f6rdertechnik<\/a> verschiedene Vorteile mit sich.<\/p>\n<h2>Optimierte Kosten<\/h2>\n<p>Die Standardisierung von F\u00f6rdertechniksystemen erm\u00f6glicht die Massenproduktion von Komponenten, was zu erheblichen Kosteneinsparungen f\u00fchrt. Durch den Einsatz standardisierter Bauteile und Systeme k\u00f6nnen Herstellungskosten reduziert und Skaleneffekte genutzt werden. In der Folge k\u00f6nnen hochwertige F\u00f6rdertechnikl\u00f6sungen zu wettbewerbsf\u00e4higen Preisen angeboten werden.<\/p>\n<h2>Verk\u00fcrzte Lieferzeiten<\/h2>\n<p>Die Auswahl und Implementierung standardisierter F\u00f6rdertechniksysteme erm\u00f6glichen eine schnellere Lieferung und Installation. Da standardisierte Teile in der Regel auf Lager gehalten werden k\u00f6nnen, entf\u00e4llt die Notwendigkeit von langen Produktions- und Lieferzeiten; die Hersteller k\u00f6nnen auf bereits etablierte und optimierte Prozesse zur\u00fcckgreifen und flexibler auf Kundenanforderungen reagieren. Dies ist besonders wichtig in Umgebungen, in denen schnelle Reaktionen auf Marktver\u00e4nderungen oder Produktionsanforderungen erforderlich sind. Schnellere Lieferzeiten tragen somit nicht nur zur Kundenzufriedenheit bei, sondern st\u00e4rken auch die Wettbewerbsposition auf dem Markt.<\/p>\n<h2>Erh\u00f6hte Flexibilit\u00e4t in der Produktion<\/h2>\n<p>Die Standardisierung schafft eine Grundlage f\u00fcr erh\u00f6hte Flexibilit\u00e4t in der F\u00f6rdertechnik. Durch die Verwendung von modularen und austauschbaren Komponenten k\u00f6nnen Systeme einfacher miteinander integriert und die F\u00f6rdertechnik problemlos an ver\u00e4nderte Produktionsprozesse oder neue Produktlinien angepasst werden. Dies erm\u00f6glicht eine agile Produktion, die auf sich \u00e4ndernde Marktbedingungen reagieren kann, sowie eine schnellere Implementierung neuer Technologien.<\/p>\n<h2>Verbesserte Qualit\u00e4t und Konsistenz<\/h2>\n<p>Die Standardisierung tr\u00e4gt massgeblich zu einer verbesserten Qualit\u00e4t von F\u00f6rdertechnikl\u00f6sungen bei. Durch den Einsatz standardisierter Prozesse und Bauteile wird eine konsistente Produktqualit\u00e4t sichergestellt. Zudem erm\u00f6glicht die Standardisierung eine bessere Kontrolle und \u00dcberwachung der Produktionsabl\u00e4ufe. Ausfallzeiten werden minimiert und die Gesamteffizienz der Produktionsanlagen maximiert. Fehler und Schwachstellen werden fr\u00fchzeitig erkannt und behoben, was letztendlich zu einer h\u00f6heren Zuverl\u00e4ssigkeit und Langlebigkeit der F\u00f6rdertechniksysteme f\u00fchrt.<\/p>\n<h2>Standardisierung und Innovation als Erfolgsrezept<\/h2>\n<p>Zusammenfassend l\u00e4sst sich festhalten, dass die Standardisierung von F\u00f6rdertechniksystemen nicht nur ein Mittel zur Effizienzsteigerung ist, sondern auch eine Grundlage f\u00fcr den langfristigen Erfolg und die Wettbewerbsf\u00e4higkeit bildet. Eine Schl\u00fcsselrolle spielt hier auch die Integration von Innovationen. Denn nur durch die Kombination von bew\u00e4hrten standardisierten Prozessen und innovativen Technologien schaffen Unternehmen eine solide Basis f\u00fcr eine zukunftsorientierte Fertigung. Genau darauf zielen wir ab. Als Spezialist in der Industrialisierung und Standardisierung von F\u00f6rdertechniksystemen &#8211; mit flexiblen erweiterbaren und modular konfigurierbaren Baukastensystem &#8211; sind wir bestrebt, gemeinsam mit unseren Kundinnen und Kunden die Herausforderungen der F\u00f6rdertechnikbranche anzugehen und innovative L\u00f6sungen f\u00fcr optimierte Fertigungsprozesse zu entwickeln.<\/p>\n<\/div><\/div><style type=\"text\/css\">.fusion-body .fusion-builder-column-0{width:100% !important;margin-top : 0px;margin-bottom : 20px;}.fusion-builder-column-0 > .fusion-column-wrapper {padding-top : 0px !important;padding-right : 0px !important;margin-right : 1.92%;padding-bottom : 0px !important;padding-left : 0px !important;margin-left : 1.92%;}@media only screen and (max-width:767px) {.fusion-body .fusion-builder-column-0{width:100% !important;order : 0;}.fusion-builder-column-0 > .fusion-column-wrapper {margin-right : 1.92%;margin-left : 1.92%;}}@media only screen and (max-width:575px) {.fusion-body .fusion-builder-column-0{width:100% !important;order : 0;}.fusion-builder-column-0 > .fusion-column-wrapper {margin-right : 1.92%;margin-left : 1.92%;}}<\/style><\/div><\/div><style type=\"text\/css\">.fusion-body .fusion-flex-container.fusion-builder-row-1{ padding-top : 0px;margin-top : 0px;padding-right : 0px;padding-bottom : 0px;margin-bottom : 0px;padding-left : 0px;}<\/style><\/div><div class=\"fusion-fullwidth fullwidth-box fusion-builder-row-2 fusion-flex-container nonhundred-percent-fullwidth non-hundred-percent-height-scrolling\" style=\"background-color: rgba(255,255,255,0);background-position: center center;background-repeat: no-repeat;border-width: 0px 0px 0px 0px;border-color:#eae9e9;border-style:solid;\" ><div class=\"fusion-builder-row fusion-row fusion-flex-align-items-flex-start\" style=\"max-width:1216.8px;margin-left: calc(-4% \/ 2 );margin-right: calc(-4% \/ 2 );\"><div class=\"fusion-layout-column fusion_builder_column fusion-builder-column-1 fusion_builder_column_1_1 1_1 fusion-flex-column\"><div class=\"fusion-column-wrapper fusion-flex-justify-content-flex-start fusion-content-layout-column\" style=\"background-position:left top;background-repeat:no-repeat;-webkit-background-size:cover;-moz-background-size:cover;-o-background-size:cover;background-size:cover;padding: 0px 0px 0px 0px;\"><style type=\"text\/css\">.fusion-title.fusion-title-1 svg path{stroke:#088a88!important}.fusion-title.fusion-title-1 svg path{stroke-width:4!important}@media only screen and (max-width:767px) {.fusion-title.fusion-title-1{margin-top:25px!important; margin-right:0px!important;margin-bottom:50px!important;margin-left:0px!important;}}@media only screen and (max-width:575px) {.fusion-title.fusion-title-1{margin-top:0px!important; margin-right:0px!important;margin-bottom:20px!important; margin-left:0px!important;}}<\/style><div class=\"fusion-title title fusion-title-1 fusion-sep-none fusion-title-highlight fusion-loop-off fusion-highlight-circle fusion-title-size-one\" style=\"font-size:50px;margin-top:25px;margin-right:0px;margin-bottom:50px;margin-left:0px;\" data-highlight=\"circle\"><h1 class=\"title-heading-left fusion-responsive-typography-calculated\" style=\"margin:0;font-size:1em;--fontSize:50;line-height:1.14;\"><span class=\"fusion-highlighted-text-prefix\">Lesen Sie unsere<\/span> <span class=\"fusion-highlighted-text-wrapper\"><span class=\"fusion-highlighted-text\">neuesten<\/span><\/span> <span class=\"fusion-highlighted-text-postfix\">Artikel<\/span><\/h1><\/div><div class=\"fusion-recent-posts fusion-recent-posts-1 avada-container layout-default layout-columns-3\"><section class=\"fusion-columns columns fusion-columns-3 columns-3\"><article class=\"post fusion-column column col col-lg-4 col-md-4 col-sm-4\"><div class=\"fusion-flexslider fusion-flexslider-loading flexslider flexslider-hover-type-none\"><ul class=\"slides\"><li><a href=\"https:\/\/www.blog.montech.com\/de\/diese-10-fragen-helfen-ihnen-bei-der-wahl-des-richtigen-foerderbands\/\" aria-label=\"Diese 10 Fragen helfen Ihnen bei der Wahl des richtigen F\u00f6rderbands\" class=\"hover-type-none\"><img decoding=\"async\" width=\"700\" height=\"441\" src=\"https:\/\/www.blog.montech.com\/wp-content\/uploads\/2022\/02\/image_2022_02_24T17_08_13_267Z-700x441.png\" class=\"attachment-recent-posts size-recent-posts\" alt=\"conveyors\" srcset=\"https:\/\/www.blog.montech.com\/wp-content\/uploads\/2022\/02\/image_2022_02_24T17_08_13_267Z-320x202.png 320w, https:\/\/www.blog.montech.com\/wp-content\/uploads\/2022\/02\/image_2022_02_24T17_08_13_267Z-700x441.png 700w\" sizes=\"(max-width: 700px) 100vw, 700px\" \/><\/a><\/li><\/ul><\/div><div class=\"recent-posts-content\"><span class=\"vcard\" style=\"display: none;\"><span class=\"fn\"><a href=\"https:\/\/www.blog.montech.com\/de\/author\/admin\/\" rel=\"author\" class=\"molongui-author-link\" data-author-id=\"1\">Montech<\/a><\/span><\/span><span class=\"updated\" style=\"display:none;\">2025-07-03T09:08:38+00:00<\/span><h4 class=\"entry-title\"><a href=\"https:\/\/www.blog.montech.com\/de\/diese-10-fragen-helfen-ihnen-bei-der-wahl-des-richtigen-foerderbands\/\">Diese 10 Fragen helfen Ihnen bei der Wahl des richtigen F\u00f6rderbands<\/a><\/h4><p class=\"meta\"><span class=\"vcard\" style=\"display: none;\"><span class=\"fn\"><a href=\"https:\/\/www.blog.montech.com\/de\/author\/admin\/\" rel=\"author\" class=\"molongui-author-link\" data-author-id=\"1\">Montech<\/a><\/span><\/span><span class=\"updated\" style=\"display:none;\">2025-07-03T09:08:38+00:00<\/span><span>Juni 2025<\/span><span class=\"fusion-inline-sep\">|<\/span><\/p><a href=\"https:\/\/www.blog.montech.com\/de\/diese-10-fragen-helfen-ihnen-bei-der-wahl-des-richtigen-foerderbands\/\"><p>Die Wahl des passenden F\u00f6rderbands ist ein entscheidender Faktor f\u00fcr den Erfolg und die Effizienz Ihrer Produktionsprozesse. Ein gut ausgew\u00e4hltes Transportband kann den Materialfluss optimieren, die Betriebskosten senken und die Sicherheit am Arbeitsplatz erh\u00f6hen. Wir<\/p><\/a><\/div><\/article><article class=\"post fusion-column column col col-lg-4 col-md-4 col-sm-4\"><div class=\"fusion-flexslider fusion-flexslider-loading flexslider flexslider-hover-type-none\"><ul class=\"slides\"><li><a href=\"https:\/\/www.blog.montech.com\/de\/25-jahre-partnerschaft-wie-unsere-loesungen-asytec-nach-vorne-bringen\/\" aria-label=\"25 Jahre Partnerschaft: Wie unsere L\u00f6sungen Asytec nach vorne bringen\" class=\"hover-type-none\"><img decoding=\"async\" width=\"700\" height=\"441\" src=\"https:\/\/www.blog.montech.com\/wp-content\/uploads\/2025\/02\/A040_11101731_S001_1600x560-700x441.jpg\" class=\"attachment-recent-posts size-recent-posts\" alt=\"\" srcset=\"https:\/\/www.blog.montech.com\/wp-content\/uploads\/2025\/02\/A040_11101731_S001_1600x560-320x202.jpg 320w, https:\/\/www.blog.montech.com\/wp-content\/uploads\/2025\/02\/A040_11101731_S001_1600x560-700x441.jpg 700w\" sizes=\"(max-width: 700px) 100vw, 700px\" \/><\/a><\/li><\/ul><\/div><div class=\"recent-posts-content\"><span class=\"vcard\" style=\"display: none;\"><span class=\"fn\"><a href=\"https:\/\/www.blog.montech.com\/de\/author\/admin\/\" rel=\"author\" class=\"molongui-author-link\" data-author-id=\"1\">Montech<\/a><\/span><\/span><span class=\"updated\" style=\"display:none;\">2025-06-13T06:04:10+00:00<\/span><h4 class=\"entry-title\"><a href=\"https:\/\/www.blog.montech.com\/de\/25-jahre-partnerschaft-wie-unsere-loesungen-asytec-nach-vorne-bringen\/\">25 Jahre Partnerschaft: Wie unsere L\u00f6sungen Asytec nach vorne bringen<\/a><\/h4><p class=\"meta\"><span class=\"vcard\" style=\"display: none;\"><span class=\"fn\"><a href=\"https:\/\/www.blog.montech.com\/de\/author\/admin\/\" rel=\"author\" class=\"molongui-author-link\" data-author-id=\"1\">Montech<\/a><\/span><\/span><span class=\"updated\" style=\"display:none;\">2025-06-13T06:04:10+00:00<\/span><span>Juni 2025<\/span><span class=\"fusion-inline-sep\">|<\/span><\/p><a href=\"https:\/\/www.blog.montech.com\/de\/25-jahre-partnerschaft-wie-unsere-loesungen-asytec-nach-vorne-bringen\/\"><p> Hohe Taktzahlen, minimale Ausfallzeiten und maximale Flexibilit\u00e4t \u2013 die Anforderungen an moderne Produktionsanlagen steigen stetig. Sondermaschinenbauer wie die Asytec AG stehen unter Druck, effiziente und zuverl\u00e4ssige L\u00f6sungen zu liefern. Mit Gesch\u00e4ftsf\u00fchrer Jonas Egli sprechen<\/p><\/a><\/div><\/article><article class=\"post fusion-column column col col-lg-4 col-md-4 col-sm-4\"><div class=\"fusion-flexslider fusion-flexslider-loading flexslider flexslider-hover-type-none\"><ul class=\"slides\"><li><a href=\"https:\/\/www.blog.montech.com\/de\/foerdertechnik-in-der-verpackungsindustrie\/\" aria-label=\"F\u00f6rdertechnik in der Verpackungsindustrie\" class=\"hover-type-none\"><img decoding=\"async\" width=\"700\" height=\"441\" src=\"https:\/\/www.blog.montech.com\/wp-content\/uploads\/2025\/04\/industry-packaging.jpg-700x441.webp\" class=\"attachment-recent-posts size-recent-posts\" alt=\"\" srcset=\"https:\/\/www.blog.montech.com\/wp-content\/uploads\/2025\/04\/industry-packaging.jpg-320x202.webp 320w, https:\/\/www.blog.montech.com\/wp-content\/uploads\/2025\/04\/industry-packaging.jpg-700x441.webp 700w\" sizes=\"(max-width: 700px) 100vw, 700px\" \/><\/a><\/li><\/ul><\/div><div class=\"recent-posts-content\"><span class=\"vcard\" style=\"display: none;\"><span class=\"fn\"><a href=\"#molongui-disabled-link\" rel=\"author\" class=\"molongui-author-link\" data-author-id=\"6575\">Murat Simsir | Verkauf<\/a><\/span><\/span><span class=\"updated\" style=\"display:none;\">2025-06-26T06:30:19+00:00<\/span><h4 class=\"entry-title\"><a href=\"https:\/\/www.blog.montech.com\/de\/foerdertechnik-in-der-verpackungsindustrie\/\">F\u00f6rdertechnik in der Verpackungsindustrie<\/a><\/h4><p class=\"meta\"><span class=\"vcard\" style=\"display: none;\"><span class=\"fn\"><a href=\"#molongui-disabled-link\" rel=\"author\" class=\"molongui-author-link\" data-author-id=\"6575\">Murat Simsir | Verkauf<\/a><\/span><\/span><span class=\"updated\" style=\"display:none;\">2025-06-26T06:30:19+00:00<\/span><span>Mai 2025<\/span><span class=\"fusion-inline-sep\">|<\/span><\/p><a href=\"https:\/\/www.blog.montech.com\/de\/foerdertechnik-in-der-verpackungsindustrie\/\"><p>Die Verpackungsindustrie spielt in nahezu jedem Produktionsprozess eine entscheidende Rolle. Der dynamische Markt ist herausfordernd und verlangt schnelle, flexible und effiziente Prozesse. Die F\u00f6rdertechnik hilft, diese Aufgaben zu bew\u00e4ltigen. Die Verpackungsindustrie ist eine Schl\u00fcsselbranche, die<\/p><\/a><\/div><\/article><article class=\"post fusion-column column col col-lg-4 col-md-4 col-sm-4\"><div class=\"fusion-flexslider fusion-flexslider-loading flexslider flexslider-hover-type-none\"><ul class=\"slides\"><li><a href=\"https:\/\/www.blog.montech.com\/de\/ein-blick-hinter-die-kulissen\/\" aria-label=\"Ein Blick hinter die Kulissen\" class=\"hover-type-none\"><img decoding=\"async\" width=\"700\" height=\"441\" src=\"https:\/\/www.blog.montech.com\/wp-content\/uploads\/2025\/03\/Stimmen_2025-700x441.jpg\" class=\"attachment-recent-posts size-recent-posts\" alt=\"\" srcset=\"https:\/\/www.blog.montech.com\/wp-content\/uploads\/2025\/03\/Stimmen_2025-320x202.jpg 320w, https:\/\/www.blog.montech.com\/wp-content\/uploads\/2025\/03\/Stimmen_2025-700x441.jpg 700w\" sizes=\"(max-width: 700px) 100vw, 700px\" \/><\/a><\/li><\/ul><\/div><div class=\"recent-posts-content\"><span class=\"vcard\" style=\"display: none;\"><span class=\"fn\"><a href=\"#molongui-disabled-link\" rel=\"author\" class=\"molongui-author-link\" data-author-id=\"6314\">Stefanie Lanz | Kommunikation<\/a><\/span><\/span><span class=\"updated\" style=\"display:none;\">2025-05-27T06:52:16+00:00<\/span><h4 class=\"entry-title\"><a href=\"https:\/\/www.blog.montech.com\/de\/ein-blick-hinter-die-kulissen\/\">Ein Blick hinter die Kulissen<\/a><\/h4><p class=\"meta\"><span class=\"vcard\" style=\"display: none;\"><span class=\"fn\"><a href=\"#molongui-disabled-link\" rel=\"author\" class=\"molongui-author-link\" data-author-id=\"6314\">Stefanie Lanz | Kommunikation<\/a><\/span><\/span><span class=\"updated\" style=\"display:none;\">2025-05-27T06:52:16+00:00<\/span><span>M\u00e4rz 2025<\/span><span class=\"fusion-inline-sep\">|<\/span><\/p><a href=\"https:\/\/www.blog.montech.com\/de\/ein-blick-hinter-die-kulissen\/\"><p>Montech ist mehr als nur ein Arbeitsplatz. Es ist ein Ort, an dem sich Mitarbeitende entfalten, Herausforderungen meistern und gemeinsam an innovativen L\u00f6sungen arbeiten. Doch was macht das Unternehmen so besonders? Wir haben bei unseren<\/p><\/a><\/div><\/article><article class=\"post fusion-column column col col-lg-4 col-md-4 col-sm-4\"><div class=\"fusion-flexslider fusion-flexslider-loading flexslider flexslider-hover-type-none\"><ul class=\"slides\"><li><a href=\"https:\/\/www.blog.montech.com\/de\/transfersysteme-faq-alles-was-sie-wissen-muessen\/\" aria-label=\"Transfersysteme-FAQ \u2013 alles, was Sie wissen m\u00fcssen\" class=\"hover-type-none\"><img decoding=\"async\" width=\"700\" height=\"441\" src=\"https:\/\/www.blog.montech.com\/wp-content\/uploads\/2025\/02\/A040_11101731_S001_1600x560-700x441.jpg\" class=\"attachment-recent-posts size-recent-posts\" alt=\"\" srcset=\"https:\/\/www.blog.montech.com\/wp-content\/uploads\/2025\/02\/A040_11101731_S001_1600x560-320x202.jpg 320w, https:\/\/www.blog.montech.com\/wp-content\/uploads\/2025\/02\/A040_11101731_S001_1600x560-700x441.jpg 700w\" sizes=\"(max-width: 700px) 100vw, 700px\" \/><\/a><\/li><\/ul><\/div><div class=\"recent-posts-content\"><span class=\"vcard\" style=\"display: none;\"><span class=\"fn\"><a href=\"https:\/\/www.blog.montech.com\/de\/author\/admin\/\" rel=\"author\" class=\"molongui-author-link\" data-author-id=\"1\">Montech<\/a><\/span><\/span><span class=\"updated\" style=\"display:none;\">2025-03-04T06:23:59+00:00<\/span><h4 class=\"entry-title\"><a href=\"https:\/\/www.blog.montech.com\/de\/transfersysteme-faq-alles-was-sie-wissen-muessen\/\">Transfersysteme-FAQ \u2013 alles, was Sie wissen m\u00fcssen<\/a><\/h4><p class=\"meta\"><span class=\"vcard\" style=\"display: none;\"><span class=\"fn\"><a href=\"https:\/\/www.blog.montech.com\/de\/author\/admin\/\" rel=\"author\" class=\"molongui-author-link\" data-author-id=\"1\">Montech<\/a><\/span><\/span><span class=\"updated\" style=\"display:none;\">2025-03-04T06:23:59+00:00<\/span><span>M\u00e4rz 2025<\/span><span class=\"fusion-inline-sep\">|<\/span><\/p><a href=\"https:\/\/www.blog.montech.com\/de\/transfersysteme-faq-alles-was-sie-wissen-muessen\/\"><p>In der heutigen Produktionswelt spielen Transfersysteme eine Schl\u00fcsselrolle, um Abl\u00e4ufe zu automatisieren und die Effizienz zu steigern. Doch bevor Unternehmen in solche Systeme investieren, tauchen oft viele Fragen auf. Antworten darauf finden Sie hier.Was sind<\/p><\/a><\/div><\/article><article class=\"post fusion-column column col col-lg-4 col-md-4 col-sm-4\"><div class=\"fusion-flexslider fusion-flexslider-loading flexslider flexslider-hover-type-none\"><ul class=\"slides\"><li><a href=\"https:\/\/www.blog.montech.com\/de\/ersatzteile-die-grundlage-fuer-einen-reibungslosen-betrieb-ihrer-foerderbaender\/\" aria-label=\"Ersatzteile: die Grundlage f\u00fcr einen reibungslosen Betrieb Ihrer F\u00f6rderb\u00e4nder\" class=\"hover-type-none\"><img decoding=\"async\" width=\"700\" height=\"441\" src=\"https:\/\/www.blog.montech.com\/wp-content\/uploads\/2025\/01\/Ersatzteile-Blog-700x441.jpg\" class=\"attachment-recent-posts size-recent-posts\" alt=\"\" srcset=\"https:\/\/www.blog.montech.com\/wp-content\/uploads\/2025\/01\/Ersatzteile-Blog-320x202.jpg 320w, https:\/\/www.blog.montech.com\/wp-content\/uploads\/2025\/01\/Ersatzteile-Blog-700x441.jpg 700w\" sizes=\"(max-width: 700px) 100vw, 700px\" \/><\/a><\/li><\/ul><\/div><div class=\"recent-posts-content\"><span class=\"vcard\" style=\"display: none;\"><span class=\"fn\"><a href=\"#molongui-disabled-link\" rel=\"author\" class=\"molongui-author-link\" data-author-id=\"7737\">Stefania Biffi<\/a><\/span><\/span><span class=\"updated\" style=\"display:none;\">2025-03-27T08:07:11+00:00<\/span><h4 class=\"entry-title\"><a href=\"https:\/\/www.blog.montech.com\/de\/ersatzteile-die-grundlage-fuer-einen-reibungslosen-betrieb-ihrer-foerderbaender\/\">Ersatzteile: die Grundlage f\u00fcr einen reibungslosen Betrieb Ihrer F\u00f6rderb\u00e4nder<\/a><\/h4><p class=\"meta\"><span class=\"vcard\" style=\"display: none;\"><span class=\"fn\"><a href=\"#molongui-disabled-link\" rel=\"author\" class=\"molongui-author-link\" data-author-id=\"7737\">Stefania Biffi<\/a><\/span><\/span><span class=\"updated\" style=\"display:none;\">2025-03-27T08:07:11+00:00<\/span><span>Februar 2025<\/span><span class=\"fusion-inline-sep\">|<\/span><\/p><a href=\"https:\/\/www.blog.montech.com\/de\/ersatzteile-die-grundlage-fuer-einen-reibungslosen-betrieb-ihrer-foerderbaender\/\"><p>Bei der Arbeit mit F\u00f6rderb\u00e4ndern z\u00e4hlt vor allem eines: Verl\u00e4sslichkeit. Eine kleine St\u00f6rung kann schnell zu einem gro\u00dfen Problem werden, das die gesamte Produktion ins Stocken bringt. Umso wichtiger ist es, gut vorbereitet zu sein<\/p><\/a><\/div><\/article><\/section><\/div><\/div><style type=\"text\/css\">.fusion-body .fusion-builder-column-1{width:100% !important;margin-top : 0px;margin-bottom : 20px;}.fusion-builder-column-1 > .fusion-column-wrapper {padding-top : 0px !important;padding-right : 0px !important;margin-right : 1.92%;padding-bottom : 0px !important;padding-left : 0px !important;margin-left : 1.92%;}@media only screen and (max-width:767px) {.fusion-body .fusion-builder-column-1{width:100% !important;order : 0;}.fusion-builder-column-1 > .fusion-column-wrapper {margin-right : 1.92%;margin-left : 1.92%;}}@media only screen and (max-width:575px) {.fusion-body .fusion-builder-column-1{width:100% !important;order : 0;}.fusion-builder-column-1 > .fusion-column-wrapper {margin-right : 1.92%;margin-left : 1.92%;}}<\/style><\/div><\/div><style type=\"text\/css\">.fusion-body .fusion-flex-container.fusion-builder-row-2{ padding-top : 0px;margin-top : 0px;padding-right : 0px;padding-bottom : 0px;margin-bottom : 0px;padding-left : 0px;}<\/style><\/div>\n<\/p>\n","protected":false},"excerpt":{"rendered":"","protected":false},"author":7,"featured_media":7305,"comment_status":"open","ping_status":"open","sticky":false,"template":"","format":"standard","meta":{"footnotes":""},"categories":[254],"tags":[],"class_list":["post-7304","post","type-post","status-publish","format-standard","has-post-thumbnail","hentry","category-trend-und-technologie"],"yoast_head":"<!-- This site is optimized with the Yoast SEO plugin v26.8 - https:\/\/yoast.com\/product\/yoast-seo-wordpress\/ -->\n<title>Die Bedeutung der Standardisierung in der F\u00f6rdertechnik - Montech News<\/title>\n<meta name=\"robots\" content=\"index, follow, max-snippet:-1, max-image-preview:large, max-video-preview:-1\" \/>\n<link rel=\"canonical\" href=\"https:\/\/www.blog.montech.com\/de\/die-bedeutung-der-standardisierung-in-der-foerdertechnik\/\" \/>\n<meta property=\"og:locale\" content=\"de_DE\" \/>\n<meta property=\"og:type\" content=\"article\" \/>\n<meta property=\"og:title\" content=\"Die Bedeutung der Standardisierung in der F\u00f6rdertechnik - Montech News\" \/>\n<meta property=\"og:url\" content=\"https:\/\/www.blog.montech.com\/de\/die-bedeutung-der-standardisierung-in-der-foerdertechnik\/\" \/>\n<meta property=\"og:site_name\" content=\"Montech News\" \/>\n<meta property=\"article:published_time\" content=\"2024-04-01T07:00:09+00:00\" \/>\n<meta property=\"article:modified_time\" content=\"2024-06-03T06:37:03+00:00\" \/>\n<meta property=\"og:image\" content=\"https:\/\/blog.montech.com\/wp-content\/uploads\/2024\/03\/Standardisierung_DE.jpg\" \/>\n\t<meta property=\"og:image:width\" content=\"2000\" \/>\n\t<meta property=\"og:image:height\" content=\"1000\" \/>\n\t<meta property=\"og:image:type\" content=\"image\/jpeg\" \/>\n<meta name=\"author\" content=\"Stefania Biffi\" \/>\n<meta name=\"twitter:card\" content=\"summary_large_image\" \/>\n<meta name=\"twitter:label1\" content=\"Verfasst von\" \/>\n\t<meta name=\"twitter:data1\" content=\"Stefania Biffi\" \/>\n\t<meta name=\"twitter:label2\" content=\"Gesch\u00e4tzte Lesezeit\" \/>\n\t<meta name=\"twitter:data2\" content=\"5\u00a0Minuten\" \/>\n<script type=\"application\/ld+json\" class=\"yoast-schema-graph\">{\"@context\":\"https:\/\/schema.org\",\"@graph\":[{\"@type\":\"Article\",\"@id\":\"https:\/\/www.blog.montech.com\/de\/die-bedeutung-der-standardisierung-in-der-foerdertechnik\/#article\",\"isPartOf\":{\"@id\":\"https:\/\/www.blog.montech.com\/de\/die-bedeutung-der-standardisierung-in-der-foerdertechnik\/\"},\"author\":{\"name\":\"Stefania Biffi\",\"@id\":\"https:\/\/blog.montech.com\/#\/schema\/person\/063fa35f97f215229444280d8220d5ab\"},\"headline\":\"Die Bedeutung der Standardisierung in der F\u00f6rdertechnik\",\"datePublished\":\"2024-04-01T07:00:09+00:00\",\"dateModified\":\"2024-06-03T06:37:03+00:00\",\"mainEntityOfPage\":{\"@id\":\"https:\/\/www.blog.montech.com\/de\/die-bedeutung-der-standardisierung-in-der-foerdertechnik\/\"},\"wordCount\":974,\"commentCount\":0,\"image\":{\"@id\":\"https:\/\/www.blog.montech.com\/de\/die-bedeutung-der-standardisierung-in-der-foerdertechnik\/#primaryimage\"},\"thumbnailUrl\":\"https:\/\/www.blog.montech.com\/wp-content\/uploads\/2024\/03\/Standardisierung_DE.jpg\",\"articleSection\":[\"Trend &amp; Technologie\"],\"inLanguage\":\"de\",\"potentialAction\":[{\"@type\":\"CommentAction\",\"name\":\"Comment\",\"target\":[\"https:\/\/www.blog.montech.com\/de\/die-bedeutung-der-standardisierung-in-der-foerdertechnik\/#respond\"]}]},{\"@type\":\"WebPage\",\"@id\":\"https:\/\/www.blog.montech.com\/de\/die-bedeutung-der-standardisierung-in-der-foerdertechnik\/\",\"url\":\"https:\/\/www.blog.montech.com\/de\/die-bedeutung-der-standardisierung-in-der-foerdertechnik\/\",\"name\":\"Die Bedeutung der Standardisierung in der F\u00f6rdertechnik - Montech News\",\"isPartOf\":{\"@id\":\"https:\/\/blog.montech.com\/#website\"},\"primaryImageOfPage\":{\"@id\":\"https:\/\/www.blog.montech.com\/de\/die-bedeutung-der-standardisierung-in-der-foerdertechnik\/#primaryimage\"},\"image\":{\"@id\":\"https:\/\/www.blog.montech.com\/de\/die-bedeutung-der-standardisierung-in-der-foerdertechnik\/#primaryimage\"},\"thumbnailUrl\":\"https:\/\/www.blog.montech.com\/wp-content\/uploads\/2024\/03\/Standardisierung_DE.jpg\",\"datePublished\":\"2024-04-01T07:00:09+00:00\",\"dateModified\":\"2024-06-03T06:37:03+00:00\",\"author\":{\"@id\":\"https:\/\/blog.montech.com\/#\/schema\/person\/063fa35f97f215229444280d8220d5ab\"},\"breadcrumb\":{\"@id\":\"https:\/\/www.blog.montech.com\/de\/die-bedeutung-der-standardisierung-in-der-foerdertechnik\/#breadcrumb\"},\"inLanguage\":\"de\",\"potentialAction\":[{\"@type\":\"ReadAction\",\"target\":[\"https:\/\/www.blog.montech.com\/de\/die-bedeutung-der-standardisierung-in-der-foerdertechnik\/\"]}]},{\"@type\":\"ImageObject\",\"inLanguage\":\"de\",\"@id\":\"https:\/\/www.blog.montech.com\/de\/die-bedeutung-der-standardisierung-in-der-foerdertechnik\/#primaryimage\",\"url\":\"https:\/\/www.blog.montech.com\/wp-content\/uploads\/2024\/03\/Standardisierung_DE.jpg\",\"contentUrl\":\"https:\/\/www.blog.montech.com\/wp-content\/uploads\/2024\/03\/Standardisierung_DE.jpg\",\"width\":2000,\"height\":1000},{\"@type\":\"BreadcrumbList\",\"@id\":\"https:\/\/www.blog.montech.com\/de\/die-bedeutung-der-standardisierung-in-der-foerdertechnik\/#breadcrumb\",\"itemListElement\":[{\"@type\":\"ListItem\",\"position\":1,\"name\":\"Home\",\"item\":\"https:\/\/blog.montech.com\/de\/\"},{\"@type\":\"ListItem\",\"position\":2,\"name\":\"Die Bedeutung der Standardisierung in der F\u00f6rdertechnik\"}]},{\"@type\":\"WebSite\",\"@id\":\"https:\/\/blog.montech.com\/#website\",\"url\":\"https:\/\/blog.montech.com\/\",\"name\":\"Montech News\",\"description\":\"Montech News\",\"potentialAction\":[{\"@type\":\"SearchAction\",\"target\":{\"@type\":\"EntryPoint\",\"urlTemplate\":\"https:\/\/blog.montech.com\/?s={search_term_string}\"},\"query-input\":{\"@type\":\"PropertyValueSpecification\",\"valueRequired\":true,\"valueName\":\"search_term_string\"}}],\"inLanguage\":\"de\"},{\"@type\":\"Person\",\"@id\":\"https:\/\/blog.montech.com\/#\/schema\/person\/063fa35f97f215229444280d8220d5ab\",\"name\":\"Stefania Biffi\",\"image\":{\"@type\":\"ImageObject\",\"inLanguage\":\"de\",\"@id\":\"https:\/\/blog.montech.com\/#\/schema\/person\/image\/\",\"url\":\"https:\/\/www.blog.montech.com\/wp-content\/uploads\/2022\/09\/Stefania_1820x2210-149x150.jpg\",\"contentUrl\":\"https:\/\/www.blog.montech.com\/wp-content\/uploads\/2022\/09\/Stefania_1820x2210-149x150.jpg\",\"caption\":\"Stefania Biffi\"},\"url\":\"#molongui-disabled-link\"}]}<\/script>\n<!-- \/ Yoast SEO plugin. -->","yoast_head_json":{"title":"Die Bedeutung der Standardisierung in der F\u00f6rdertechnik - Montech News","robots":{"index":"index","follow":"follow","max-snippet":"max-snippet:-1","max-image-preview":"max-image-preview:large","max-video-preview":"max-video-preview:-1"},"canonical":"https:\/\/www.blog.montech.com\/de\/die-bedeutung-der-standardisierung-in-der-foerdertechnik\/","og_locale":"de_DE","og_type":"article","og_title":"Die Bedeutung der Standardisierung in der F\u00f6rdertechnik - Montech News","og_url":"https:\/\/www.blog.montech.com\/de\/die-bedeutung-der-standardisierung-in-der-foerdertechnik\/","og_site_name":"Montech News","article_published_time":"2024-04-01T07:00:09+00:00","article_modified_time":"2024-06-03T06:37:03+00:00","og_image":[{"width":2000,"height":1000,"url":"https:\/\/blog.montech.com\/wp-content\/uploads\/2024\/03\/Standardisierung_DE.jpg","type":"image\/jpeg"}],"author":"Stefania Biffi","twitter_card":"summary_large_image","twitter_misc":{"Verfasst von":"Stefania Biffi","Gesch\u00e4tzte Lesezeit":"5\u00a0Minuten"},"schema":{"@context":"https:\/\/schema.org","@graph":[{"@type":"Article","@id":"https:\/\/www.blog.montech.com\/de\/die-bedeutung-der-standardisierung-in-der-foerdertechnik\/#article","isPartOf":{"@id":"https:\/\/www.blog.montech.com\/de\/die-bedeutung-der-standardisierung-in-der-foerdertechnik\/"},"author":{"name":"Stefania Biffi","@id":"https:\/\/blog.montech.com\/#\/schema\/person\/063fa35f97f215229444280d8220d5ab"},"headline":"Die Bedeutung der Standardisierung in der F\u00f6rdertechnik","datePublished":"2024-04-01T07:00:09+00:00","dateModified":"2024-06-03T06:37:03+00:00","mainEntityOfPage":{"@id":"https:\/\/www.blog.montech.com\/de\/die-bedeutung-der-standardisierung-in-der-foerdertechnik\/"},"wordCount":974,"commentCount":0,"image":{"@id":"https:\/\/www.blog.montech.com\/de\/die-bedeutung-der-standardisierung-in-der-foerdertechnik\/#primaryimage"},"thumbnailUrl":"https:\/\/www.blog.montech.com\/wp-content\/uploads\/2024\/03\/Standardisierung_DE.jpg","articleSection":["Trend &amp; Technologie"],"inLanguage":"de","potentialAction":[{"@type":"CommentAction","name":"Comment","target":["https:\/\/www.blog.montech.com\/de\/die-bedeutung-der-standardisierung-in-der-foerdertechnik\/#respond"]}]},{"@type":"WebPage","@id":"https:\/\/www.blog.montech.com\/de\/die-bedeutung-der-standardisierung-in-der-foerdertechnik\/","url":"https:\/\/www.blog.montech.com\/de\/die-bedeutung-der-standardisierung-in-der-foerdertechnik\/","name":"Die Bedeutung der Standardisierung in der F\u00f6rdertechnik - Montech News","isPartOf":{"@id":"https:\/\/blog.montech.com\/#website"},"primaryImageOfPage":{"@id":"https:\/\/www.blog.montech.com\/de\/die-bedeutung-der-standardisierung-in-der-foerdertechnik\/#primaryimage"},"image":{"@id":"https:\/\/www.blog.montech.com\/de\/die-bedeutung-der-standardisierung-in-der-foerdertechnik\/#primaryimage"},"thumbnailUrl":"https:\/\/www.blog.montech.com\/wp-content\/uploads\/2024\/03\/Standardisierung_DE.jpg","datePublished":"2024-04-01T07:00:09+00:00","dateModified":"2024-06-03T06:37:03+00:00","author":{"@id":"https:\/\/blog.montech.com\/#\/schema\/person\/063fa35f97f215229444280d8220d5ab"},"breadcrumb":{"@id":"https:\/\/www.blog.montech.com\/de\/die-bedeutung-der-standardisierung-in-der-foerdertechnik\/#breadcrumb"},"inLanguage":"de","potentialAction":[{"@type":"ReadAction","target":["https:\/\/www.blog.montech.com\/de\/die-bedeutung-der-standardisierung-in-der-foerdertechnik\/"]}]},{"@type":"ImageObject","inLanguage":"de","@id":"https:\/\/www.blog.montech.com\/de\/die-bedeutung-der-standardisierung-in-der-foerdertechnik\/#primaryimage","url":"https:\/\/www.blog.montech.com\/wp-content\/uploads\/2024\/03\/Standardisierung_DE.jpg","contentUrl":"https:\/\/www.blog.montech.com\/wp-content\/uploads\/2024\/03\/Standardisierung_DE.jpg","width":2000,"height":1000},{"@type":"BreadcrumbList","@id":"https:\/\/www.blog.montech.com\/de\/die-bedeutung-der-standardisierung-in-der-foerdertechnik\/#breadcrumb","itemListElement":[{"@type":"ListItem","position":1,"name":"Home","item":"https:\/\/blog.montech.com\/de\/"},{"@type":"ListItem","position":2,"name":"Die Bedeutung der Standardisierung in der F\u00f6rdertechnik"}]},{"@type":"WebSite","@id":"https:\/\/blog.montech.com\/#website","url":"https:\/\/blog.montech.com\/","name":"Montech News","description":"Montech News","potentialAction":[{"@type":"SearchAction","target":{"@type":"EntryPoint","urlTemplate":"https:\/\/blog.montech.com\/?s={search_term_string}"},"query-input":{"@type":"PropertyValueSpecification","valueRequired":true,"valueName":"search_term_string"}}],"inLanguage":"de"},{"@type":"Person","@id":"https:\/\/blog.montech.com\/#\/schema\/person\/063fa35f97f215229444280d8220d5ab","name":"Stefania Biffi","image":{"@type":"ImageObject","inLanguage":"de","@id":"https:\/\/blog.montech.com\/#\/schema\/person\/image\/","url":"https:\/\/www.blog.montech.com\/wp-content\/uploads\/2022\/09\/Stefania_1820x2210-149x150.jpg","contentUrl":"https:\/\/www.blog.montech.com\/wp-content\/uploads\/2022\/09\/Stefania_1820x2210-149x150.jpg","caption":"Stefania Biffi"},"url":"#molongui-disabled-link"}]}},"_links":{"self":[{"href":"https:\/\/www.blog.montech.com\/de\/wp-json\/wp\/v2\/posts\/7304","targetHints":{"allow":["GET"]}}],"collection":[{"href":"https:\/\/www.blog.montech.com\/de\/wp-json\/wp\/v2\/posts"}],"about":[{"href":"https:\/\/www.blog.montech.com\/de\/wp-json\/wp\/v2\/types\/post"}],"author":[{"embeddable":true,"href":"https:\/\/www.blog.montech.com\/de\/wp-json\/wp\/v2\/users\/7"}],"replies":[{"embeddable":true,"href":"https:\/\/www.blog.montech.com\/de\/wp-json\/wp\/v2\/comments?post=7304"}],"version-history":[{"count":5,"href":"https:\/\/www.blog.montech.com\/de\/wp-json\/wp\/v2\/posts\/7304\/revisions"}],"predecessor-version":[{"id":7327,"href":"https:\/\/www.blog.montech.com\/de\/wp-json\/wp\/v2\/posts\/7304\/revisions\/7327"}],"wp:featuredmedia":[{"embeddable":true,"href":"https:\/\/www.blog.montech.com\/de\/wp-json\/wp\/v2\/media\/7305"}],"wp:attachment":[{"href":"https:\/\/www.blog.montech.com\/de\/wp-json\/wp\/v2\/media?parent=7304"}],"wp:term":[{"taxonomy":"category","embeddable":true,"href":"https:\/\/www.blog.montech.com\/de\/wp-json\/wp\/v2\/categories?post=7304"},{"taxonomy":"post_tag","embeddable":true,"href":"https:\/\/www.blog.montech.com\/de\/wp-json\/wp\/v2\/tags?post=7304"}],"curies":[{"name":"wp","href":"https:\/\/api.w.org\/{rel}","templated":true}]}}